{"id":1352,"date":"2024-08-26T06:29:31","date_gmt":"2024-08-26T06:29:31","guid":{"rendered":"https:\/\/swisspresse.com\/releve-la-suisse-remporte-deux-coupes-des-nations-a-dielsdorf\/"},"modified":"2024-08-26T06:29:31","modified_gmt":"2024-08-26T06:29:31","slug":"releve-la-suisse-remporte-deux-coupes-des-nations-a-dielsdorf","status":"publish","type":"post","link":"https:\/\/swisspresse.com\/fr\/releve-la-suisse-remporte-deux-coupes-des-nations-a-dielsdorf\/","title":{"rendered":"Rel\u00e8ve: la Suisse remporte deux Coupes des Nations \u00e0 Dielsdorf!"},"content":{"rendered":"<p> <br \/>\n<\/p>\n<div>\n<h2 class=\"surTitre\">Children et juniors suisses ont brill\u00e9 \u00e0 Dielsdorf. Il y avait aussi un 5* et du complet et \u00e0 l&rsquo;\u00e9tranger ainsi que des concours en Suisse romande.<\/h2>\n<div class=\"box\">\n<p style=\"text-align:justify\">Seul 5* \u00e0 l\u2019agenda, l\u2019\u00e9tape n\u00e9erlandaise du Global Tour de <strong>Valkenswaard<\/strong> avait notamment attir\u00e9 Pius Schwizer, qui s\u2019est class\u00e9 7<sup>e<\/sup> avec son olympique <em>Vancouver de Lanlore<\/em>\u00a0de la chasse (160 cm) remport\u00e9e par Henrik von Eckermann (<em>Glamour Girl<\/em>). Le Lucernois a aussi class\u00e9 <em>Just Special VK<\/em> (145 cm). Martin Fuchs \u00e9tait quant \u00e0 lui 2<sup>e<\/sup> sur 145 cm avec <em>Zero K<\/em>. Le Grand Prix dominical a \u00e9t\u00e9 remport\u00e9 par Lorenzo de Luca (<em>Denver de&#8230;<\/em><\/p>\n<\/div>\n<\/div>\n<p><br \/>\n<br \/><a href=\"https:\/\/www.cavalier-romand.ch\/fr\/Actualites\/Releve-la-Suisse-remporte-deux-Coupes-des-Nations-a-Dielsdorf.html\">Source link <\/a><\/p>\n","protected":false},"excerpt":{"rendered":"<p>Children et juniors suisses ont brill\u00e9 \u00e0 Dielsdorf. Il y avait aussi un 5* et du complet et \u00e0 l&rsquo;\u00e9tranger ainsi que des concours en Suisse romande. Seul 5* \u00e0 l\u2019agenda, l\u2019\u00e9tape n\u00e9erlandaise du Global Tour de Valkenswaard avait notamment attir\u00e9 Pius Schwizer, qui s\u2019est class\u00e9 7e avec son olympique Vancouver de Lanlore\u00a0de la chasse [&hellip;]<\/p>\n","protected":false},"author":1,"featured_media":0,"comment_status":"open","ping_status":"open","sticky":false,"template":"","format":"standard","meta":{"footnotes":""},"categories":[105],"tags":[],"class_list":{"0":"post-1352","1":"post","2":"type-post","3":"status-publish","4":"format-standard","6":"category-switzerland"},"_links":{"self":[{"href":"https:\/\/swisspresse.com\/fr\/wp-json\/wp\/v2\/posts\/1352","targetHints":{"allow":["GET"]}}],"collection":[{"href":"https:\/\/swisspresse.com\/fr\/wp-json\/wp\/v2\/posts"}],"about":[{"href":"https:\/\/swisspresse.com\/fr\/wp-json\/wp\/v2\/types\/post"}],"author":[{"embeddable":true,"href":"https:\/\/swisspresse.com\/fr\/wp-json\/wp\/v2\/users\/1"}],"replies":[{"embeddable":true,"href":"https:\/\/swisspresse.com\/fr\/wp-json\/wp\/v2\/comments?post=1352"}],"version-history":[{"count":0,"href":"https:\/\/swisspresse.com\/fr\/wp-json\/wp\/v2\/posts\/1352\/revisions"}],"wp:attachment":[{"href":"https:\/\/swisspresse.com\/fr\/wp-json\/wp\/v2\/media?parent=1352"}],"wp:term":[{"taxonomy":"category","embeddable":true,"href":"https:\/\/swisspresse.com\/fr\/wp-json\/wp\/v2\/categories?post=1352"},{"taxonomy":"post_tag","embeddable":true,"href":"https:\/\/swisspresse.com\/fr\/wp-json\/wp\/v2\/tags?post=1352"}],"curies":[{"name":"wp","href":"https:\/\/api.w.org\/{rel}","templated":true}]}}