{"id":1413,"date":"2024-08-26T06:39:06","date_gmt":"2024-08-26T06:39:06","guid":{"rendered":"https:\/\/swisspresse.com\/climeworks-va-reduire-le-cout-du-captage-de-co2-dans-lair\/"},"modified":"2024-08-26T06:39:06","modified_gmt":"2024-08-26T06:39:06","slug":"climeworks-va-reduire-le-cout-du-captage-de-co2-dans-lair","status":"publish","type":"post","link":"https:\/\/swisspresse.com\/fr\/climeworks-va-reduire-le-cout-du-captage-de-co2-dans-lair\/","title":{"rendered":"Climeworks va r\u00e9duire le co\u00fbt du captage de CO2 dans l\u2019air"},"content":{"rendered":"<p> <br \/>\n<\/p>\n<div id=\"\">\n<div class=\"Article_elementPublishdate__qcso_\">\n<p><span>Publi\u00e9<\/span><time datetime=\"2024-06-04T17:46:37+02:00\" class=\"sc-d721210-1 ldCIcW\">4. juin 2024, 17:46<\/time><\/p>\n<\/div>\n<p><h2><span>D&rsquo;ici \u00e0 2030<span class=\"visually-hidden\" aria-hidden=\"true\" role=\"presentation\">: <\/span><\/span>Climeworks va r\u00e9duire le co\u00fbt du captage de CO2 dans l\u2019air<\/h2>\n<\/p>\n<div class=\"Article_elementLead__N3pGr\">\n<p>L\u2019entreprise suisse a annonc\u00e9 la mise au point d&rsquo;une troisi\u00e8me g\u00e9n\u00e9ration de sa technologie.<\/p>\n<\/div>\n<\/div>\n<div id=\"\">\n<div class=\"Article_elementImage__A6J72\">\n<figure class=\"sc-bc6aa936-4 cTCDDw\">\n<div class=\"Image_imgContainer__a56Mx\" style=\"padding-bottom:53.75%\"><img loading=\"lazy\" decoding=\"async\" src=\"https:\/\/image.lematin.ch\/2024\/06\/04\/bc952483-f212-4d64-8870-0b772e51e306.jpeg?auto=format%2Ccompress%2Cenhance&amp;fit=max&amp;w=1200&amp;h=1200&amp;rect=0%2C0%2C3999%2C2154&amp;s=2cf949c2602a7607ff3cd4e16ba0d59c\" alt=\"Une usine Climeworks en Islande.\" title=\"Une usine Climeworks en Islande.\" srcset=\"https:\/\/image.lematin.ch\/2024\/06\/04\/bc952483-f212-4d64-8870-0b772e51e306.jpeg?auto=format%2Ccompress%2Cenhance&amp;fit=max&amp;w=400&amp;h=400&amp;rect=0%2C0%2C3999%2C2154&amp;s=425c96dd47a89b5a3d04fb328f558804 400w, https:\/\/image.lematin.ch\/2024\/06\/04\/bc952483-f212-4d64-8870-0b772e51e306.jpeg?auto=format%2Ccompress%2Cenhance&amp;fit=max&amp;w=800&amp;h=800&amp;rect=0%2C0%2C3999%2C2154&amp;s=814e18b099c8953480fa965e0669e018 800w, https:\/\/image.lematin.ch\/2024\/06\/04\/bc952483-f212-4d64-8870-0b772e51e306.jpeg?auto=format%2Ccompress%2Cenhance&amp;fit=max&amp;w=1200&amp;h=1200&amp;rect=0%2C0%2C3999%2C2154&amp;s=2cf949c2602a7607ff3cd4e16ba0d59c 1200w, https:\/\/image.lematin.ch\/2024\/06\/04\/bc952483-f212-4d64-8870-0b772e51e306.jpeg?auto=format%2Ccompress%2Cenhance&amp;fit=max&amp;w=1600&amp;h=1600&amp;rect=0%2C0%2C3999%2C2154&amp;s=4aa22c9e345024ddb8e34dcc33ad35d7 1600w, https:\/\/image.lematin.ch\/2024\/06\/04\/bc952483-f212-4d64-8870-0b772e51e306.jpeg?auto=format%2Ccompress%2Cenhance&amp;fit=max&amp;w=2001&amp;h=2000&amp;rect=0%2C0%2C3999%2C2154&amp;s=76f88e10120be7705a5735b06721e338 2001w\" width=\"1200\" height=\"646\"\/><\/div><figcaption class=\"sc-bc6aa936-0 jvFyza\"><span class=\"sc-bc6aa936-2 jnbVTF\"><\/p>\n<p>Une usine Climeworks en Islande.<\/p>\n<p><\/span><span class=\"sc-bc6aa936-3 jjIBxJ\">AFP<\/span><\/figcaption><\/figure>\n<\/div>\n<div class=\"Article_elementTextblockarray__WNyan\">\n<p>L\u2019entreprise suisse Climeworks veut r\u00e9duire de 50\u2009% le co\u00fbt du captage de CO2 dans l\u2019air gr\u00e2ce \u00e0 une nouvelle version de sa technologie qu\u2019elle compte mettre en place dans une future usine aux \u00c9tats-Unis, annonce-t-elle mardi.<\/p>\n<\/div>\n<div class=\"Article_elementTextblockarray__WNyan\">\n<p>L\u2019entreprise, sp\u00e9cialis\u00e9e dans le captage de CO2 dans l\u2019atmosph\u00e8re, a mis au point une troisi\u00e8me g\u00e9n\u00e9ration de&#8230;<\/p>\n<\/div>\n<\/div>\n<p><br \/>\n<br \/><a href=\"https:\/\/www.lematin.ch\/story\/dici-2030-climeworks-va-reduire-le-cout-du-captage-de-co2-dans-lair-103119966\">Source<\/a><\/p>\n","protected":false},"excerpt":{"rendered":"<p>Publi\u00e94. juin 2024, 17:46 D&rsquo;ici \u00e0 2030: Climeworks va r\u00e9duire le co\u00fbt du captage de CO2 dans l\u2019air L\u2019entreprise suisse a annonc\u00e9 la mise au point d&rsquo;une troisi\u00e8me g\u00e9n\u00e9ration de sa technologie. Une usine Climeworks en Islande. AFP L\u2019entreprise suisse Climeworks veut r\u00e9duire de 50\u2009% le co\u00fbt du captage de CO2 dans l\u2019air gr\u00e2ce \u00e0 [&hellip;]<\/p>\n","protected":false},"author":1,"featured_media":0,"comment_status":"open","ping_status":"open","sticky":false,"template":"","format":"standard","meta":{"footnotes":""},"categories":[106],"tags":[],"class_list":{"0":"post-1413","1":"post","2":"type-post","3":"status-publish","4":"format-standard","6":"category-technology"},"_links":{"self":[{"href":"https:\/\/swisspresse.com\/fr\/wp-json\/wp\/v2\/posts\/1413","targetHints":{"allow":["GET"]}}],"collection":[{"href":"https:\/\/swisspresse.com\/fr\/wp-json\/wp\/v2\/posts"}],"about":[{"href":"https:\/\/swisspresse.com\/fr\/wp-json\/wp\/v2\/types\/post"}],"author":[{"embeddable":true,"href":"https:\/\/swisspresse.com\/fr\/wp-json\/wp\/v2\/users\/1"}],"replies":[{"embeddable":true,"href":"https:\/\/swisspresse.com\/fr\/wp-json\/wp\/v2\/comments?post=1413"}],"version-history":[{"count":0,"href":"https:\/\/swisspresse.com\/fr\/wp-json\/wp\/v2\/posts\/1413\/revisions"}],"wp:attachment":[{"href":"https:\/\/swisspresse.com\/fr\/wp-json\/wp\/v2\/media?parent=1413"}],"wp:term":[{"taxonomy":"category","embeddable":true,"href":"https:\/\/swisspresse.com\/fr\/wp-json\/wp\/v2\/categories?post=1413"},{"taxonomy":"post_tag","embeddable":true,"href":"https:\/\/swisspresse.com\/fr\/wp-json\/wp\/v2\/tags?post=1413"}],"curies":[{"name":"wp","href":"https:\/\/api.w.org\/{rel}","templated":true}]}}