{"id":2268,"date":"2024-10-07T00:00:20","date_gmt":"2024-10-07T00:00:20","guid":{"rendered":"https:\/\/swisspresse.com\/apero-franco-suisse-avec-camilla-sparksss-rencontre-conference-a-thionville\/"},"modified":"2024-10-07T00:00:20","modified_gmt":"2024-10-07T00:00:20","slug":"apero-franco-suisse-avec-camilla-sparksss-rencontre-conference-a-thionville","status":"publish","type":"post","link":"https:\/\/swisspresse.com\/fr\/apero-franco-suisse-avec-camilla-sparksss-rencontre-conference-a-thionville\/","title":{"rendered":"Apero franco suisse avec Camilla Sparksss : Rencontre, conference a Thionville"},"content":{"rendered":"<p> <br \/>\n<\/p>\n<div>\n        <span class=\"modalClose icon_close after\" title=\"Fermer\"\/><\/p>\n<p>&#13;<br \/>\n                Cr\u00e9ation de compte &#13;\n            <\/p>\n<p>        \t    <noscript>&#13;<\/p>\n<div class=\"alert--info\">\n<ul>\n<li>Activer JavaScript dans votre navigateur pour acc\u00e9der \u00e0 l&rsquo;inscription sur notre site<\/li>\n<\/ul>\n<\/div>\n<p>&#13;<br \/>\n\t    <\/noscript><\/p>\n<div class=\"mentions-legales-abo\">\n<p>Le R\u00e9publicain Lorrain, en tant que responsable de traitement, recueille dans ce formulaire des informations qui sont enregistr\u00e9es dans un fichier informatis\u00e9 par son Service Relations Clients, la finalit\u00e9 \u00e9tant d\u2019assurer la cr\u00e9ation et la gestion de votre compte,&#8230;<\/p>\n<\/div>\n<\/div>\n<p><br \/>\n<br \/><a href=\"https:\/\/www.republicain-lorrain.fr\/pour-sortir\/loisirs\/Rencontre-conference\/Autres-rencontres\/Lorraine\/Moselle\/Thionville\/2024\/10\/08\/Apero-franco-suisse-avec-camilla-sparksss\">Source link <\/a><\/p>\n","protected":false},"excerpt":{"rendered":"<p>&#13; Cr\u00e9ation de compte &#13; &#13; Activer JavaScript dans votre navigateur pour acc\u00e9der \u00e0 l&rsquo;inscription sur notre site &#13; Le R\u00e9publicain Lorrain, en tant que responsable de traitement, recueille dans ce formulaire des informations qui sont enregistr\u00e9es dans un fichier informatis\u00e9 par son Service Relations Clients, la finalit\u00e9 \u00e9tant d\u2019assurer la cr\u00e9ation et la gestion [&hellip;]<\/p>\n","protected":false},"author":1,"featured_media":0,"comment_status":"open","ping_status":"open","sticky":false,"template":"","format":"standard","meta":{"footnotes":""},"categories":[63,105],"tags":[],"class_list":{"0":"post-2268","1":"post","2":"type-post","3":"status-publish","4":"format-standard","6":"category-schweiz","7":"category-switzerland"},"_links":{"self":[{"href":"https:\/\/swisspresse.com\/fr\/wp-json\/wp\/v2\/posts\/2268","targetHints":{"allow":["GET"]}}],"collection":[{"href":"https:\/\/swisspresse.com\/fr\/wp-json\/wp\/v2\/posts"}],"about":[{"href":"https:\/\/swisspresse.com\/fr\/wp-json\/wp\/v2\/types\/post"}],"author":[{"embeddable":true,"href":"https:\/\/swisspresse.com\/fr\/wp-json\/wp\/v2\/users\/1"}],"replies":[{"embeddable":true,"href":"https:\/\/swisspresse.com\/fr\/wp-json\/wp\/v2\/comments?post=2268"}],"version-history":[{"count":0,"href":"https:\/\/swisspresse.com\/fr\/wp-json\/wp\/v2\/posts\/2268\/revisions"}],"wp:attachment":[{"href":"https:\/\/swisspresse.com\/fr\/wp-json\/wp\/v2\/media?parent=2268"}],"wp:term":[{"taxonomy":"category","embeddable":true,"href":"https:\/\/swisspresse.com\/fr\/wp-json\/wp\/v2\/categories?post=2268"},{"taxonomy":"post_tag","embeddable":true,"href":"https:\/\/swisspresse.com\/fr\/wp-json\/wp\/v2\/tags?post=2268"}],"curies":[{"name":"wp","href":"https:\/\/api.w.org\/{rel}","templated":true}]}}