{"id":1490,"date":"2024-08-26T06:58:22","date_gmt":"2024-08-26T06:58:22","guid":{"rendered":"https:\/\/swisspresse.com\/dipendenti-in-svizzera-meno-protetti-dai-rischi-dellia-che-nel-resto-deuropa\/"},"modified":"2024-08-26T06:58:22","modified_gmt":"2024-08-26T06:58:22","slug":"dipendenti-in-svizzera-meno-protetti-dai-rischi-dellia-che-nel-resto-deuropa","status":"publish","type":"post","link":"https:\/\/swisspresse.com\/it\/dipendenti-in-svizzera-meno-protetti-dai-rischi-dellia-che-nel-resto-deuropa\/","title":{"rendered":"Dipendenti in Svizzera meno protetti dai rischi dell&#8217;IA che nel resto d\u2019Europa\u00a0"},"content":{"rendered":"<p> <br \/>\n<\/p>\n<div>\n<figure class=\"image \" x-data=\"image\">\n    <picture class=\"\"><source srcset=\"https:\/\/www.swissinfo.ch\/content\/wp-content\/uploads\/sites\/13\/2024\/07\/2PJWJ5K.jpg?crop=1px,0px,7933px,5292px&amp;w=880&amp;ver=d4232848\" width=\"880\" height=\"587\" media=\"(min-width: 600px)\"><source srcset=\"https:\/\/www.swissinfo.ch\/content\/wp-content\/uploads\/sites\/13\/2024\/07\/2PJWJ5K.jpg?crop=2px,0px,7931px,5292px&amp;w=580&amp;ver=d4232848\" width=\"580\" height=\"387\" media=\"\"><img fetchpriority=\"high\" src=\"https:\/\/www.swissinfo.ch\/content\/wp-content\/uploads\/sites\/13\/2024\/07\/2PJWJ5K.jpg?ver=d4232848\" width=\"7934\" height=\"5292\" alt=\"donna stanca davanti a un computer\" loading=\"eager\" decoding=\"auto\"\/><br \/>\n<\/source><\/source><\/picture><figcaption class=\"image__caption-wrapper\" x-cloak=\"\" x-show=\"showCaption\">\n                    <span class=\"image__caption-text\"><br \/>\n                L&#8217;intelligenza artificiale usata sul posto di lavoro pu\u00f2 avere ripercussioni sulla salute, causando disagio psicologico o burnout dovuti all&#8217;aumento della produttivit\u00e0.            <\/span><br \/>\n                        <span class=\"image__copyright-info\"><br \/>\n            Credit: Yuri Arcurs \/ Alamy Stock Photo        <\/span><br \/>\n            <\/figcaption><\/figure>\n<div class=\"lead-text\">\n<p class=\"lead-text__content\">\n        In Svizzera l&#8217;intelligenza artificiale viene gi\u00e0 utilizzata per incrementare i profitti e la produttivit\u00e0 delle aziende. Tuttavia, il personale \u00e8 meno protetto dai rischi associati a questa tecnologia&#8230;<\/p>\n<\/div>\n<\/div>\n<p><br \/>\n<br \/><a href=\"https:\/\/www.tvsvizzera.it\/tvs\/qui-svizzera\/dipendenti-in-svizzera-meno-protetti-dai-rischi-dellia-che-nel-resto-deuropa\/87208969\">Fonte<\/a><\/p>\n","protected":false},"excerpt":{"rendered":"<p>L&#8217;intelligenza artificiale usata sul posto di lavoro pu\u00f2 avere ripercussioni sulla salute, causando disagio psicologico o burnout dovuti all&#8217;aumento della produttivit\u00e0. Credit: Yuri Arcurs \/ Alamy Stock Photo In Svizzera l&#8217;intelligenza artificiale viene gi\u00e0 utilizzata per incrementare i profitti e la produttivit\u00e0 delle aziende. Tuttavia, il personale \u00e8 meno protetto dai rischi associati a questa [&hellip;]<\/p>\n","protected":false},"author":1,"featured_media":0,"comment_status":"open","ping_status":"open","sticky":false,"template":"","format":"standard","meta":{"footnotes":""},"categories":[114],"tags":[],"class_list":{"0":"post-1490","1":"post","2":"type-post","3":"status-publish","4":"format-standard","6":"category-technology"},"_links":{"self":[{"href":"https:\/\/swisspresse.com\/it\/wp-json\/wp\/v2\/posts\/1490","targetHints":{"allow":["GET"]}}],"collection":[{"href":"https:\/\/swisspresse.com\/it\/wp-json\/wp\/v2\/posts"}],"about":[{"href":"https:\/\/swisspresse.com\/it\/wp-json\/wp\/v2\/types\/post"}],"author":[{"embeddable":true,"href":"https:\/\/swisspresse.com\/it\/wp-json\/wp\/v2\/users\/1"}],"replies":[{"embeddable":true,"href":"https:\/\/swisspresse.com\/it\/wp-json\/wp\/v2\/comments?post=1490"}],"version-history":[{"count":0,"href":"https:\/\/swisspresse.com\/it\/wp-json\/wp\/v2\/posts\/1490\/revisions"}],"wp:attachment":[{"href":"https:\/\/swisspresse.com\/it\/wp-json\/wp\/v2\/media?parent=1490"}],"wp:term":[{"taxonomy":"category","embeddable":true,"href":"https:\/\/swisspresse.com\/it\/wp-json\/wp\/v2\/categories?post=1490"},{"taxonomy":"post_tag","embeddable":true,"href":"https:\/\/swisspresse.com\/it\/wp-json\/wp\/v2\/tags?post=1490"}],"curies":[{"name":"wp","href":"https:\/\/api.w.org\/{rel}","templated":true}]}}